{"id":2686,"date":"2019-08-18T09:01:29","date_gmt":"2019-08-18T07:01:29","guid":{"rendered":"https:\/\/amyna.de\/wp\/?p=2686"},"modified":"2024-08-23T11:01:29","modified_gmt":"2024-08-23T09:01:29","slug":"der-professionelle-umgang-mit-naehe-und-distanz-in-der-kindertagesstaette-muenchen","status":"publish","type":"post","link":"https:\/\/amyna.de\/wp\/der-professionelle-umgang-mit-naehe-und-distanz-in-der-kindertagesstaette-muenchen\/","title":{"rendered":"Der professionelle Umgang mit N\u00e4he und Distanz in der Kindertagesst\u00e4tte (M\u00fcnchen)"},"content":{"rendered":"\n<style type=\"text\/css\" data-created_by=\"avia_inline_auto\" id=\"style-css-av-ubpywe-222689de4482b382a649aa1082bca0c6\">\n.flex_column.av-ubpywe-222689de4482b382a649aa1082bca0c6{\nborder-radius:0px 0px 0px 0px;\npadding:0px 0px 0px 0px;\n}\n<\/style>\n<div  class='flex_column av-ubpywe-222689de4482b382a649aa1082bca0c6 av_two_third  avia-builder-el-0  el_before_av_one_third  avia-builder-el-first  first flex_column_div av-zero-column-padding  '     ><section  class='av_textblock_section av-sm7w3y-a81a5223bf4a450d9a6096a532eb192c '   itemscope=\"itemscope\" itemtype=\"https:\/\/schema.org\/BlogPosting\" itemprop=\"blogPost\" ><div class='avia_textblock'  itemprop=\"text\" ><h2>Der professionelle Umgang mit N\u00e4he und Distanz in der Kindertagesst\u00e4tte (M\u00fcnchen)<\/h2>\n<p class=\"Standardabsatz\">Ein guter fachlicher Umgang mit N\u00e4he und Distanz in der Kindertagesst\u00e4tte ist ein wichtiger Baustein der Pr\u00e4vention von sexuellem Missbrauch. Voraussetzung, damit dieser Baustein wirksam eingesetzt werden kann, ist Grundlagenwissen zum Thema sexualisierte Gewalt gegen M\u00e4dchen* und Jungen*.<\/p>\n<h2 class=\"Veranstaltungsuntertitel\">Basisinfos zu sexuellem Missbrauch<\/h2>\n<p class=\"Standardabsatz\">Kinder haben ein Recht auf Schutz vor sexualisierter Gewalt \u2013 sowohl im famili\u00e4ren Umfeld als auch in den Einrichtungen, in denen sie sich aufhalten. Gute Pr\u00e4ventionsarbeit ben\u00f6tigt vorangehendes Wissen.<\/p>\n<p class=\"Standardabsatz\">Die Aufbereitung dieses Fortbildungsmoduls bietet Ihrem Team einen gesch\u00fctzten, und gleichzeitig offenen Rahmen sich mit sexuellem Missbrauch auseinanderzusetzen. Zielf\u00fchrend f\u00fcr diese Fortbildung ist eine fundierte Wissensvermittlung \u00fcber T\u00e4ter*und T\u00e4ter*innen, T\u00e4ter*innenstrategien, sowie zu Strukturen, die sexuellen Missbrauch \u2013 auch innerhalb von Einrichtungen \u2013 beg\u00fcnstigen k\u00f6nnen. Anhand dieser Wissensgrundlage wird ein \u00dcberblick \u00fcber Pr\u00e4ventionsm\u00f6glichkeiten gegeben.<\/p>\n<p class=\"Standardabsatz\">F\u00fcr einen m\u00f6glichst nachhaltigen Start in die Pr\u00e4ventionsarbeit empfehlen wir, das Modul Basisinfos gemeinsam mit dem Modul N\u00e4he und Distanz zu buchen. Die Buchung der beiden Einheiten an einem oder auch zwei Terminen erm\u00f6glicht es den Fachkr\u00e4ften in der Einrichtung, Ber\u00fchrungs\u00e4ngste mit der Thematik zu \u00fcberwinden und gleichzeitig eine aktive Rolle im Kinderschutz in Ihrer Einrichtung einzunehmen.<\/p>\n<p class=\"Daten\"><span class=\"Zeichen-fett\"><strong>Dauer<\/strong>:<\/span> Mindestens 3,5 Stunden<\/p>\n<h2 class=\"Veranstaltungsuntertitel\">Der Umgang mit N\u00e4he und Distanz in der KiTa<\/h2>\n<p class=\"Standardabsatz\"><strong>Schutzvereinbarungen f\u00fcr die eigene Einrichtung entwickeln<\/strong><\/p>\n<p class=\"Standardabsatz\">Die verst\u00e4rkte Auseinandersetzung mit sexualisierter Gewalt und sexuellen Grenzverletzungen auch in Kindertagesst\u00e4tten ist sinnvoll und wichtig, hat in vielen Einrichtungen aber auch eine vermehrte Unsicherheit bez\u00fcglich N\u00e4he und Distanz im Umgang mit den Kindern beim p\u00e4dagogischen Fachpersonal ausgel\u00f6st. Kinder brauchen N\u00e4he und k\u00f6rperliche Zuwendung. Situationen besonderer N\u00e4he stellen aber auch ein Risiko im Hinblick auf sexuellen Missbrauch dar. Denn T\u00e4ter* und T\u00e4terinnen* nutzen diese Gelegenheiten gezielt aus.<\/p>\n<ul>\n<li>Dieser Baustein hilft, Unsicherheiten im Umgang mit den Kindern zu kl\u00e4ren und Fachkr\u00e4fte in Ihrer Professionalit\u00e4t zu st\u00e4rken<\/li>\n<li>Auf der Grundlage der Basisinfos aus dem ersten Baustein werden Situationen der besonderen N\u00e4he altersspezifisch und alltagspraktisch bearbeitet.<\/li>\n<li>Damit gewinnen Sie die ben\u00f6tigte Handlungs-sicherheit im Alltag (wieder).<\/li>\n<li>Angeleitete selbstreflektierende Elemente erm\u00f6glichen es den Teilnehmer*innen, ihr Alltagshandeln zum Eigenschutz und Schutz der Kinder anzupassen.<\/li>\n<\/ul>\n<p>Zielsetzend ist die Erarbeitung von sogenannten Schutzvereinbarungen. Diese st\u00e4rken Ihr allt\u00e4gliches Handeln auf professioneller Ebene. Schutzvereinbarungen bieten Ihrem Team sowie dem Tr\u00e4ger ein erstes Sicherheitsnetz und fachliche Orientierung.<\/p>\n<p>Bitte beachten Sie, dass die vorangehende Teilnahme an der Veranstaltung Basisinfos sowie die Anwesenheit der Einrichtungsleitung vorausgesetzt werden.<\/p>\n<p class=\"Daten\"><span class=\"Zeichen-fett\"><strong>Dauer<\/strong>:<\/span> Ein Tag zusammen mit dem Basisbaustein<\/p>\n<h2 class=\"Standardabsatz\">Referentinnen<\/h2>\n<p>Mitarbeiterinnen von AMYNA e.V.<\/p>\n<\/div><\/section><br \/>\n\n<style type=\"text\/css\" data-created_by=\"avia_inline_auto\" id=\"style-css-av-rovty6-5b07018a36964daecff56893e9b64d68\">\n.avia-image-container.av-rovty6-5b07018a36964daecff56893e9b64d68 img.avia_image{\nbox-shadow:none;\n}\n.avia-image-container.av-rovty6-5b07018a36964daecff56893e9b64d68 .av-image-caption-overlay-center{\ncolor:#ffffff;\n}\n<\/style>\n<div  class='avia-image-container av-rovty6-5b07018a36964daecff56893e9b64d68 av-styling- avia-align-left  avia-builder-el-2  el_after_av_textblock  avia-builder-el-last '   itemprop=\"image\" itemscope=\"itemscope\" itemtype=\"https:\/\/schema.org\/ImageObject\" ><div class=\"avia-image-container-inner\"><div class=\"avia-image-overlay-wrap\"><img decoding=\"async\" fetchpriority=\"high\" class='wp-image-12231 avia-img-lazy-loading-not-12231 avia_image ' src=\"https:\/\/amyna.de\/wp\/wp-content\/uploads\/Team_2_web-1030x687.jpg\" alt='' title='Team_2_web'  height=\"687\" width=\"1030\"  itemprop=\"thumbnailUrl\" srcset=\"https:\/\/amyna.de\/wp\/wp-content\/uploads\/Team_2_web-1030x687.jpg 1030w, https:\/\/amyna.de\/wp\/wp-content\/uploads\/Team_2_web-300x200.jpg 300w, https:\/\/amyna.de\/wp\/wp-content\/uploads\/Team_2_web-768x512.jpg 768w, https:\/\/amyna.de\/wp\/wp-content\/uploads\/Team_2_web-1536x1024.jpg 1536w, https:\/\/amyna.de\/wp\/wp-content\/uploads\/Team_2_web-2048x1366.jpg 2048w, https:\/\/amyna.de\/wp\/wp-content\/uploads\/Team_2_web-1500x1000.jpg 1500w, https:\/\/amyna.de\/wp\/wp-content\/uploads\/Team_2_web-705x470.jpg 705w\" sizes=\"(max-width: 1030px) 100vw, 1030px\" \/><\/div><\/div><\/div><\/p><\/div>\n<style type=\"text\/css\" data-created_by=\"avia_inline_auto\" id=\"style-css-av-2jjo1q-5fa7651e277e3348c5c2941b4a405faf\">\n.flex_column.av-2jjo1q-5fa7651e277e3348c5c2941b4a405faf{\nborder-radius:6px 6px 6px 6px;\npadding:3px 3px 3px 3px;\nbackground-color:#efebe8;\n}\n<\/style>\n<div  class='flex_column av-2jjo1q-5fa7651e277e3348c5c2941b4a405faf av_one_third  avia-builder-el-3  el_after_av_two_third  el_before_av_hr  flex_column_div  '     ><style type=\"text\/css\" data-created_by=\"avia_inline_auto\" id=\"style-css-av-ojoopa-88837ac66a4fb9777d560c09f4e67788\">\n#top .avia-icon-list-container.av-ojoopa-88837ac66a4fb9777d560c09f4e67788 .iconlist_icon{\ncolor:#b02b2c;\n}\n<\/style>\n<div  class='avia-icon-list-container av-ojoopa-88837ac66a4fb9777d560c09f4e67788  avia-builder-el-4  avia-builder-el-no-sibling '><ul class='avia-icon-list avia_animate_when_almost_visible avia-icon-list-left av-iconlist-small av-ojoopa-88837ac66a4fb9777d560c09f4e67788 avia-iconlist-animate'>\n<li><div class='iconlist_icon av-lqgkfi-a8468b34f6972e013d72fdc086c56b91 avia-font-entypo-fontello'><span class='iconlist-char' aria-hidden='true' data-av_icon='\ue849' data-av_iconfont='entypo-fontello'><\/span><\/div><article class=\"article-icon-entry \"  itemscope=\"itemscope\" itemtype=\"https:\/\/schema.org\/BlogPosting\" itemprop=\"blogPost\" ><div class=\"iconlist_content_wrap\"><header class=\"entry-content-header\"><div class='av_iconlist_title iconlist_title_small  '  itemprop=\"headline\" >Format<\/div><\/header><div class='iconlist_content '  itemprop=\"text\" ><p>Fortbildung<\/p>\n<\/div><\/div><footer class=\"entry-footer\"><\/footer><\/article><div class=\"iconlist-timeline\"><\/div><\/li>\n<li><div class='iconlist_icon av-ki6zlq-cfc9cda168def261e7bc1a67b1552c88 avia-font-entypo-fontello'><span class='iconlist-char' aria-hidden='true' data-av_icon='\ue80b' data-av_iconfont='entypo-fontello'><\/span><\/div><article class=\"article-icon-entry \"  itemscope=\"itemscope\" itemtype=\"https:\/\/schema.org\/BlogPosting\" itemprop=\"blogPost\" ><div class=\"iconlist_content_wrap\"><header class=\"entry-content-header\"><div class='av_iconlist_title iconlist_title_small  '  itemprop=\"headline\" >Zielgruppe<\/div><\/header><div class='iconlist_content '  itemprop=\"text\" ><p>P\u00e4dagogische Fachkr\u00e4fte in Kindertagesst\u00e4tten<\/p>\n<\/div><\/div><footer class=\"entry-footer\"><\/footer><\/article><div class=\"iconlist-timeline\"><\/div><\/li>\n<li><div class='iconlist_icon av-j0bose-a1a5bbf6663d46f9ef74a5052f8e4b97 avia-font-entypo-fontello'><span class='iconlist-char' aria-hidden='true' data-av_icon='\ue821' data-av_iconfont='entypo-fontello'><\/span><\/div><article class=\"article-icon-entry \"  itemscope=\"itemscope\" itemtype=\"https:\/\/schema.org\/BlogPosting\" itemprop=\"blogPost\" ><div class=\"iconlist_content_wrap\"><header class=\"entry-content-header\"><div class='av_iconlist_title iconlist_title_small  '  itemprop=\"headline\" >Ort<\/div><\/header><div class='iconlist_content '  itemprop=\"text\" ><p>In Ihrer Einrichtung oder (gegen Aufpreis) in unseren R\u00e4umen<\/p>\n<\/div><\/div><footer class=\"entry-footer\"><\/footer><\/article><div class=\"iconlist-timeline\"><\/div><\/li>\n<li><div class='iconlist_icon av-h2eji6-87d0263ea1140163400f2d2d6e3b3c26 avia-font-entypo-fontello'><span class='iconlist-char' aria-hidden='true' data-av_icon='\ue862' data-av_iconfont='entypo-fontello'><\/span><\/div><article class=\"article-icon-entry \"  itemscope=\"itemscope\" itemtype=\"https:\/\/schema.org\/BlogPosting\" itemprop=\"blogPost\" ><div class=\"iconlist_content_wrap\"><header class=\"entry-content-header\"><div class='av_iconlist_title iconlist_title_small  '  itemprop=\"headline\" >Dauer<\/div><\/header><div class='iconlist_content '  itemprop=\"text\" ><p>Je nach Baustein<\/p>\n<\/div><\/div><footer class=\"entry-footer\"><\/footer><\/article><div class=\"iconlist-timeline\"><\/div><\/li>\n<li><div class='iconlist_icon av-fm2bpq-73d3448d9d7986711cd4c010f7bef755 avia-font-entypo-fontello'><span class='iconlist-char' aria-hidden='true' data-av_icon='\ue85b' data-av_iconfont='entypo-fontello'><\/span><\/div><article class=\"article-icon-entry \"  itemscope=\"itemscope\" itemtype=\"https:\/\/schema.org\/BlogPosting\" itemprop=\"blogPost\" ><div class=\"iconlist_content_wrap\"><header class=\"entry-content-header\"><div class='av_iconlist_title iconlist_title_small  '  itemprop=\"headline\" >Termin<\/div><\/header><div class='iconlist_content '  itemprop=\"text\" ><p>Nach Vereinbarung. Bitte fr\u00fchzeitig buchen, mit Wartezeiten muss gerechnet werden.<\/p>\n<\/div><\/div><footer class=\"entry-footer\"><\/footer><\/article><div class=\"iconlist-timeline\"><\/div><\/li>\n<li><div class='iconlist_icon av-1c8dse-34b2e20a9c36e9464e8e5ffb7a3b5797 avia-font-entypo-fontello'><span class='iconlist-char' aria-hidden='true' data-av_icon='\ue8d3' data-av_iconfont='entypo-fontello'><\/span><\/div><article class=\"article-icon-entry \"  itemscope=\"itemscope\" itemtype=\"https:\/\/schema.org\/BlogPosting\" itemprop=\"blogPost\" ><div class=\"iconlist_content_wrap\"><header class=\"entry-content-header\"><div class='av_iconlist_title iconlist_title_small  '  itemprop=\"headline\" >Kosten<\/div><\/header><div class='iconlist_content '  itemprop=\"text\" ><p>Nach Vereinbarung<\/p>\n<\/div><\/div><footer class=\"entry-footer\"><\/footer><\/article><div class=\"iconlist-timeline\"><\/div><\/li>\n<li><div class='iconlist_icon av-ck9cm6-265a0f19dc98d9dad3cc41bfb065be4b avia-font-entypo-fontello'><span class='iconlist-char' aria-hidden='true' data-av_icon='\ue805' data-av_iconfont='entypo-fontello'><\/span><\/div><article class=\"article-icon-entry \"  itemscope=\"itemscope\" itemtype=\"https:\/\/schema.org\/BlogPosting\" itemprop=\"blogPost\" ><div class=\"iconlist_content_wrap\"><header class=\"entry-content-header\"><div class='av_iconlist_title iconlist_title_small  '  itemprop=\"headline\" >Infos und Anfragen<\/div><\/header><div class='iconlist_content '  itemprop=\"text\" ><p>Per E-Mail an <a href=\"mailto:info@amyna.de\">info@amyna.de<\/a> oder telefonisch 089\/ 890 57 45-100<\/p>\n<\/div><\/div><footer class=\"entry-footer\"><\/footer><\/article><div class=\"iconlist-timeline\"><\/div><\/li>\n<li><div class='iconlist_icon av-bay1ri-a874a6cced9a759812f2e563538c11af avia-font-entypo-fontello'><span class='iconlist-char' aria-hidden='true' data-av_icon='\ue84d' data-av_iconfont='entypo-fontello'><\/span><\/div><article class=\"article-icon-entry \"  itemscope=\"itemscope\" itemtype=\"https:\/\/schema.org\/BlogPosting\" itemprop=\"blogPost\" ><div class=\"iconlist_content_wrap\"><header class=\"entry-content-header\"><div class='av_iconlist_title iconlist_title_small  '  itemprop=\"headline\" >Download<\/div><\/header><div class='iconlist_content '  itemprop=\"text\" ><p><a href=\"https:\/\/amyna.de\/wp\/wp-content\/uploads\/FA_Naehe_und_Distanz-1.pdf\" target=\"_blank\" rel=\"noopener\">Flyer zum Download<\/a> (PDF, 98 KB, barrierearm)<\/p>\n<\/div><\/div><footer class=\"entry-footer\"><\/footer><\/article><div class=\"iconlist-timeline\"><\/div><\/li>\n<\/ul><\/div><\/div>\n<style type=\"text\/css\" data-created_by=\"avia_inline_auto\" id=\"style-css-av-8vsm8e-2e353951e8e8c98184a093c4f1efe696\">\n#top .hr.hr-invisible.av-8vsm8e-2e353951e8e8c98184a093c4f1efe696{\nheight:30px;\n}\n<\/style>\n<div  class='hr av-8vsm8e-2e353951e8e8c98184a093c4f1efe696 hr-invisible  avia-builder-el-5  el_after_av_one_third  el_before_av_social_share '><span class='hr-inner '><span class=\"hr-inner-style\"><\/span><\/span><\/div><\/p>\n<div  class='av-social-sharing-box av-rrxfy-8fcca65231273e7790096054a855cfc4 av-social-sharing-box-default  avia-builder-el-6  el_after_av_hr  el_before_av_hr  av-social-sharing-box-fullwidth'><div class=\"av-share-box\"><h5 class='av-share-link-description av-no-toc '>Teile diesen Eintrag<\/h5><ul class=\"av-share-box-list noLightbox\"><li class='av-share-link av-social-link-facebook' ><a target=\"_blank\" aria-label=\"Teilen auf Facebook\" href='https:\/\/www.facebook.com\/sharer.php?u=https:\/\/amyna.de\/wp\/der-professionelle-umgang-mit-naehe-und-distanz-in-der-kindertagesstaette-muenchen\/&#038;t=Der%20professionelle%20Umgang%20mit%20N%C3%A4he%20und%20Distanz%20in%20der%20Kindertagesst%C3%A4tte%20%28M%C3%BCnchen%29' aria-hidden='false' data-av_icon='\ue8f3' data-av_iconfont='entypo-fontello' title='' data-avia-related-tooltip='Teilen auf Facebook' rel=\"noopener\"><span class='avia_hidden_link_text'>Teilen auf Facebook<\/span><\/a><\/li><li class='av-share-link av-social-link-twitter' ><a target=\"_blank\" aria-label=\"Teilen auf X\" href='https:\/\/twitter.com\/share?text=Der%20professionelle%20Umgang%20mit%20N%C3%A4he%20und%20Distanz%20in%20der%20Kindertagesst%C3%A4tte%20%28M%C3%BCnchen%29&#038;url=https:\/\/amyna.de\/wp\/?p=2686' aria-hidden='false' data-av_icon='\ue932' data-av_iconfont='entypo-fontello' title='' data-avia-related-tooltip='Teilen auf X' rel=\"noopener\"><span class='avia_hidden_link_text'>Teilen auf X<\/span><\/a><\/li><li class='av-share-link av-social-link-linkedin' ><a target=\"_blank\" aria-label=\"Teilen auf LinkedIn\" href='https:\/\/linkedin.com\/shareArticle?mini=true&#038;title=Der%20professionelle%20Umgang%20mit%20N%C3%A4he%20und%20Distanz%20in%20der%20Kindertagesst%C3%A4tte%20%28M%C3%BCnchen%29&#038;url=https:\/\/amyna.de\/wp\/der-professionelle-umgang-mit-naehe-und-distanz-in-der-kindertagesstaette-muenchen\/' aria-hidden='false' data-av_icon='\ue8fc' data-av_iconfont='entypo-fontello' title='' data-avia-related-tooltip='Teilen auf LinkedIn' rel=\"noopener\"><span class='avia_hidden_link_text'>Teilen auf LinkedIn<\/span><\/a><\/li><li class='av-share-link av-social-link-mail' ><a  aria-label=\"Per E-Mail teilen\" href='mailto:?subject=Der%20professionelle%20Umgang%20mit%20N%C3%A4he%20und%20Distanz%20in%20der%20Kindertagesst%C3%A4tte%20%28M%C3%BCnchen%29&#038;body=https:\/\/amyna.de\/wp\/der-professionelle-umgang-mit-naehe-und-distanz-in-der-kindertagesstaette-muenchen\/' aria-hidden='false' data-av_icon='\ue805' data-av_iconfont='entypo-fontello' title='' data-avia-related-tooltip='Per E-Mail teilen'><span class='avia_hidden_link_text'>Per E-Mail teilen<\/span><\/a><\/li><\/ul><\/div><\/div>\n\n<style type=\"text\/css\" data-created_by=\"avia_inline_auto\" id=\"style-css-av-6dl8da-3b295420925f491646e45cfa59a0907d\">\n#top .hr.hr-invisible.av-6dl8da-3b295420925f491646e45cfa59a0907d{\nheight:20px;\n}\n<\/style>\n<div  class='hr av-6dl8da-3b295420925f491646e45cfa59a0907d hr-invisible  avia-builder-el-7  el_after_av_social_share  el_before_av_heading '><span class='hr-inner '><span class=\"hr-inner-style\"><\/span><\/span><\/div>\n\n<style type=\"text\/css\" data-created_by=\"avia_inline_auto\" id=\"style-css-av-4w5sji-a5351656a71e97b91bb194c8552b5c2f\">\n#top .av-special-heading.av-4w5sji-a5351656a71e97b91bb194c8552b5c2f{\npadding-bottom:10px;\n}\nbody .av-special-heading.av-4w5sji-a5351656a71e97b91bb194c8552b5c2f .av-special-heading-tag .heading-char{\nfont-size:25px;\n}\n.av-special-heading.av-4w5sji-a5351656a71e97b91bb194c8552b5c2f .av-subheading{\nfont-size:15px;\n}\n<\/style>\n<div  class='av-special-heading av-4w5sji-a5351656a71e97b91bb194c8552b5c2f av-special-heading-h2  avia-builder-el-8  el_after_av_hr  el_before_av_blog '><h2 class='av-special-heading-tag '  itemprop=\"headline\"  >Das k\u00f6nnte Sie auch interessieren<\/h2><div class=\"special-heading-border\"><div class=\"special-heading-inner-border\"><\/div><\/div><\/div>\n<div  data-slideshow-options=\"{&quot;animation&quot;:&quot;fade&quot;,&quot;autoplay&quot;:false,&quot;loop_autoplay&quot;:&quot;once&quot;,&quot;interval&quot;:5,&quot;loop_manual&quot;:&quot;manual-endless&quot;,&quot;autoplay_stopper&quot;:false,&quot;noNavigation&quot;:false,&quot;show_slide_delay&quot;:90}\" class='avia-content-slider avia-content-grid-active avia-content-slider1 avia-content-slider-even  avia-builder-el-9  el_after_av_heading  el_before_av_button  av-slideshow-ui av-control-default   av-no-slider-navigation av-slideshow-manual av-loop-once av-loop-manual-endless '  itemscope=\"itemscope\" itemtype=\"https:\/\/schema.org\/Blog\" ><div class=\"avia-content-slider-inner\"><div class=\"slide-entry-wrap\"><article class='slide-entry flex_column  post-entry post-entry-1445 slide-entry-overview slide-loop-1 slide-parity-odd  av_one_fourth first real-thumbnail posttype-post post-format-standard'  itemscope=\"itemscope\" itemtype=\"https:\/\/schema.org\/BlogPosting\" itemprop=\"blogPost\" ><a href='https:\/\/amyna.de\/wp\/wir-koennen-da-was-tun-landkreis-muenchen\/' data-rel='slide-1' class='slide-image' title='Wir k\u00f6nnen da was tun! \u2013 Landkreis M\u00fcnchen'><img decoding=\"async\" fetchpriority=\"high\" width=\"260\" height=\"185\" src=\"https:\/\/amyna.de\/wp\/wp-content\/uploads\/angebote_lk-260x185.jpg\" class=\"wp-image-2025 avia-img-lazy-loading-not-2025 attachment-portfolio_small size-portfolio_small wp-post-image\" alt=\"Brosch\u00fcre Angebote Landkreis\" \/><\/a><div class=\"slide-content\"><header class=\"entry-content-header\"><h3 class='slide-entry-title entry-title '  itemprop=\"headline\" ><a href='https:\/\/amyna.de\/wp\/wir-koennen-da-was-tun-landkreis-muenchen\/' title='Wir k\u00f6nnen da was tun! \u2013 Landkreis M\u00fcnchen'>Wir k\u00f6nnen da was tun! \u2013 Landkreis M\u00fcnchen<\/a><\/h3><span class=\"av-vertical-delimiter\"><\/span><\/header><div class=\"slide-meta\"><time class='slide-meta-time updated'  itemprop=\"datePublished\" datetime=\"2020-03-19T16:37:27+01:00\" >19. M\u00e4rz 2020<\/time><\/div><div class='slide-entry-excerpt entry-content'  itemprop=\"text\" >\r\n\r\n\r\n\r\n\r\n\r\n\r\n\r\n\r\n\r\n\r\n\r\n\r\n\r\n\r\n\r\n\r\n\r\n<\/div><\/div><footer class=\"entry-footer\"><\/footer><span class='hidden'>\n\t\t\t\t<span class='av-structured-data'  itemprop=\"image\" itemscope=\"itemscope\" itemtype=\"https:\/\/schema.org\/ImageObject\" >\n\t\t\t\t\t\t<span itemprop='url'>https:\/\/amyna.de\/wp\/wp-content\/uploads\/angebote_lk.jpg<\/span>\n\t\t\t\t\t\t<span itemprop='height'>255<\/span>\n\t\t\t\t\t\t<span itemprop='width'>299<\/span>\n\t\t\t\t<\/span>\n\t\t\t\t<span class='av-structured-data'  itemprop=\"publisher\" itemtype=\"https:\/\/schema.org\/Organization\" itemscope=\"itemscope\" >\n\t\t\t\t\t\t<span itemprop='name'>admin<\/span>\n\t\t\t\t\t\t<span itemprop='logo' itemscope itemtype='https:\/\/schema.org\/ImageObject'>\n\t\t\t\t\t\t\t<span itemprop='url'>https:\/\/amyna.de\/wp\/wp-content\/uploads\/AMYNA_logo_transparent_klein.png<\/span>\n\t\t\t\t\t\t<\/span>\n\t\t\t\t<\/span><span class='av-structured-data'  itemprop=\"author\" itemscope=\"itemscope\" itemtype=\"https:\/\/schema.org\/Person\" ><span itemprop='name'>admin<\/span><\/span><span class='av-structured-data'  itemprop=\"datePublished\" datetime=\"2019-08-18T09:01:29+02:00\" >2020-03-19 16:37:27<\/span><span class='av-structured-data'  itemprop=\"dateModified\" itemtype=\"https:\/\/schema.org\/dateModified\" >2025-05-12 14:39:06<\/span><span class='av-structured-data'  itemprop=\"mainEntityOfPage\" itemtype=\"https:\/\/schema.org\/mainEntityOfPage\" ><span itemprop='name'>Wir k\u00f6nnen da was tun! \u2013 Landkreis M\u00fcnchen<\/span><\/span><\/span><\/article><article class='slide-entry flex_column  post-entry post-entry-2686 slide-entry-overview slide-loop-2 slide-parity-even  av_one_fourth  real-thumbnail posttype-post post-format-standard'  itemscope=\"itemscope\" itemtype=\"https:\/\/schema.org\/BlogPosting\" itemprop=\"blogPost\" ><a href='https:\/\/amyna.de\/wp\/der-professionelle-umgang-mit-naehe-und-distanz-in-der-kindertagesstaette-muenchen\/' data-rel='slide-1' class='slide-image' title='Der professionelle Umgang mit N\u00e4he und Distanz in der Kindertagesst\u00e4tte (M\u00fcnchen)'><img decoding=\"async\" fetchpriority=\"high\" width=\"260\" height=\"185\" src=\"https:\/\/amyna.de\/wp\/wp-content\/uploads\/Praevention_in_der-Kita_mittel-260x185.jpg\" class=\"wp-image-1521 avia-img-lazy-loading-not-1521 attachment-portfolio_small size-portfolio_small wp-post-image\" alt=\"Pr\u00e4vention in der Kita\" \/><\/a><div class=\"slide-content\"><header class=\"entry-content-header\"><h3 class='slide-entry-title entry-title '  itemprop=\"headline\" ><a href='https:\/\/amyna.de\/wp\/der-professionelle-umgang-mit-naehe-und-distanz-in-der-kindertagesstaette-muenchen\/' title='Der professionelle Umgang mit N\u00e4he und Distanz in der Kindertagesst\u00e4tte (M\u00fcnchen)'>Der professionelle Umgang mit N\u00e4he und Distanz in der Kindertagesst\u00e4tte (M\u00fcnchen)<\/a><\/h3><span class=\"av-vertical-delimiter\"><\/span><\/header><div class=\"slide-meta\"><time class='slide-meta-time updated'  itemprop=\"datePublished\" datetime=\"2019-08-18T09:01:29+02:00\" >18. August 2019<\/time><\/div><div class='slide-entry-excerpt entry-content'  itemprop=\"text\" >\r\n\r\n\r\n\r\n\r\n\r\n\r\n\r\n\r\n\r\n<\/div><\/div><footer class=\"entry-footer\"><\/footer><span class='hidden'>\n\t\t\t\t<span class='av-structured-data'  itemprop=\"image\" itemscope=\"itemscope\" itemtype=\"https:\/\/schema.org\/ImageObject\" >\n\t\t\t\t\t\t<span itemprop='url'>https:\/\/amyna.de\/wp\/wp-content\/uploads\/Praevention_in_der-Kita_mittel.jpg<\/span>\n\t\t\t\t\t\t<span itemprop='height'>400<\/span>\n\t\t\t\t\t\t<span itemprop='width'>600<\/span>\n\t\t\t\t<\/span>\n\t\t\t\t<span class='av-structured-data'  itemprop=\"publisher\" itemtype=\"https:\/\/schema.org\/Organization\" itemscope=\"itemscope\" >\n\t\t\t\t\t\t<span itemprop='name'>admin<\/span>\n\t\t\t\t\t\t<span itemprop='logo' itemscope itemtype='https:\/\/schema.org\/ImageObject'>\n\t\t\t\t\t\t\t<span itemprop='url'>https:\/\/amyna.de\/wp\/wp-content\/uploads\/AMYNA_logo_transparent_klein.png<\/span>\n\t\t\t\t\t\t<\/span>\n\t\t\t\t<\/span><span class='av-structured-data'  itemprop=\"author\" itemscope=\"itemscope\" itemtype=\"https:\/\/schema.org\/Person\" ><span itemprop='name'>admin<\/span><\/span><span class='av-structured-data'  itemprop=\"datePublished\" datetime=\"2019-08-18T09:01:29+02:00\" >2019-08-18 09:01:29<\/span><span class='av-structured-data'  itemprop=\"dateModified\" itemtype=\"https:\/\/schema.org\/dateModified\" >2024-08-23 11:01:29<\/span><span class='av-structured-data'  itemprop=\"mainEntityOfPage\" itemtype=\"https:\/\/schema.org\/mainEntityOfPage\" ><span itemprop='name'>Der professionelle Umgang mit N\u00e4he und Distanz in der Kindertagesst\u00e4tte (M\u00fcnchen)<\/span><\/span><\/span><\/article><article class='slide-entry flex_column  post-entry post-entry-633 slide-entry-overview slide-loop-3 slide-parity-odd  av_one_fourth  real-thumbnail posttype-post post-format-standard'  itemscope=\"itemscope\" itemtype=\"https:\/\/schema.org\/BlogPosting\" itemprop=\"blogPost\" ><a href='https:\/\/amyna.de\/wp\/wir-koennen-da-was-tun-praevention\/' data-rel='slide-1' class='slide-image' title='Wir k\u00f6nnen da was tun! Sexueller Missbrauch und die M\u00f6glichkeit der Pr\u00e4vention (M\u00fcnchen)'><img decoding=\"async\" fetchpriority=\"high\" width=\"260\" height=\"185\" src=\"https:\/\/amyna.de\/wp\/wp-content\/uploads\/Praevention_in_der-Kita_mittel-260x185.jpg\" class=\"wp-image-1521 avia-img-lazy-loading-not-1521 attachment-portfolio_small size-portfolio_small wp-post-image\" alt=\"Pr\u00e4vention in der Kita\" \/><\/a><div class=\"slide-content\"><header class=\"entry-content-header\"><h3 class='slide-entry-title entry-title '  itemprop=\"headline\" ><a href='https:\/\/amyna.de\/wp\/wir-koennen-da-was-tun-praevention\/' title='Wir k\u00f6nnen da was tun! Sexueller Missbrauch und die M\u00f6glichkeit der Pr\u00e4vention (M\u00fcnchen)'>Wir k\u00f6nnen da was tun! Sexueller Missbrauch und die M\u00f6glichkeit der Pr\u00e4vention (M\u00fcnchen)<\/a><\/h3><span class=\"av-vertical-delimiter\"><\/span><\/header><div class=\"slide-meta\"><time class='slide-meta-time updated'  itemprop=\"datePublished\" datetime=\"2019-08-04T10:00:46+02:00\" >4. August 2019<\/time><\/div><div class='slide-entry-excerpt entry-content'  itemprop=\"text\" >\r\n\r\n\r\n\r\n\r\n\r\n\r\n\r\n\r\n\r\n\r\n\r\n\r\n\r\n\r\n\r\n\r\n\r\n\r\n\r\n\r\n\r\n\r\n\r\n\r\n\r\n\r\n\r\n\r\n\r\n\u2026<\/div><\/div><footer class=\"entry-footer\"><\/footer><span class='hidden'>\n\t\t\t\t<span class='av-structured-data'  itemprop=\"image\" itemscope=\"itemscope\" itemtype=\"https:\/\/schema.org\/ImageObject\" >\n\t\t\t\t\t\t<span itemprop='url'>https:\/\/amyna.de\/wp\/wp-content\/uploads\/Praevention_in_der-Kita_mittel.jpg<\/span>\n\t\t\t\t\t\t<span itemprop='height'>400<\/span>\n\t\t\t\t\t\t<span itemprop='width'>600<\/span>\n\t\t\t\t<\/span>\n\t\t\t\t<span class='av-structured-data'  itemprop=\"publisher\" itemtype=\"https:\/\/schema.org\/Organization\" itemscope=\"itemscope\" >\n\t\t\t\t\t\t<span itemprop='name'>admin<\/span>\n\t\t\t\t\t\t<span itemprop='logo' itemscope itemtype='https:\/\/schema.org\/ImageObject'>\n\t\t\t\t\t\t\t<span itemprop='url'>https:\/\/amyna.de\/wp\/wp-content\/uploads\/AMYNA_logo_transparent_klein.png<\/span>\n\t\t\t\t\t\t<\/span>\n\t\t\t\t<\/span><span class='av-structured-data'  itemprop=\"author\" itemscope=\"itemscope\" itemtype=\"https:\/\/schema.org\/Person\" ><span itemprop='name'>admin<\/span><\/span><span class='av-structured-data'  itemprop=\"datePublished\" datetime=\"2019-08-18T09:01:29+02:00\" >2019-08-04 10:00:46<\/span><span class='av-structured-data'  itemprop=\"dateModified\" itemtype=\"https:\/\/schema.org\/dateModified\" >2024-08-30 14:55:52<\/span><span class='av-structured-data'  itemprop=\"mainEntityOfPage\" itemtype=\"https:\/\/schema.org\/mainEntityOfPage\" ><span itemprop='name'>Wir k\u00f6nnen da was tun! Sexueller Missbrauch und die M\u00f6glichkeit der Pr\u00e4vention (M\u00fcnchen)<\/span><\/span><\/span><\/article><article class='slide-entry flex_column  post-entry post-entry-627 slide-entry-overview slide-loop-4 slide-parity-even  av_one_fourth  real-thumbnail posttype-post post-format-standard'  itemscope=\"itemscope\" itemtype=\"https:\/\/schema.org\/BlogPosting\" itemprop=\"blogPost\" ><a href='https:\/\/amyna.de\/wp\/buendnis-der-verantwortung\/' data-rel='slide-1' class='slide-image' title='Ein B\u00fcndnis der Verantwortung (M\u00fcnchen)'><img decoding=\"async\" fetchpriority=\"high\" width=\"260\" height=\"185\" src=\"https:\/\/amyna.de\/wp\/wp-content\/uploads\/Praevention_in_der-Kita_mittel-260x185.jpg\" class=\"wp-image-1521 avia-img-lazy-loading-not-1521 attachment-portfolio_small size-portfolio_small wp-post-image\" alt=\"Pr\u00e4vention in der Kita\" \/><\/a><div class=\"slide-content\"><header class=\"entry-content-header\"><h3 class='slide-entry-title entry-title '  itemprop=\"headline\" ><a href='https:\/\/amyna.de\/wp\/buendnis-der-verantwortung\/' title='Ein B\u00fcndnis der Verantwortung (M\u00fcnchen)'>Ein B\u00fcndnis der Verantwortung (M\u00fcnchen)<\/a><\/h3><span class=\"av-vertical-delimiter\"><\/span><\/header><div class=\"slide-meta\"><time class='slide-meta-time updated'  itemprop=\"datePublished\" datetime=\"2017-08-01T15:00:21+02:00\" >1. August 2017<\/time><\/div><div class='slide-entry-excerpt entry-content'  itemprop=\"text\" >\r\n\r\n\r\n\r\n\r\n\r\n\r\n\r\n\r\n\r\n\r\n\r\n<\/div><\/div><footer class=\"entry-footer\"><\/footer><span class='hidden'>\n\t\t\t\t<span class='av-structured-data'  itemprop=\"image\" itemscope=\"itemscope\" itemtype=\"https:\/\/schema.org\/ImageObject\" >\n\t\t\t\t\t\t<span itemprop='url'>https:\/\/amyna.de\/wp\/wp-content\/uploads\/Praevention_in_der-Kita_mittel.jpg<\/span>\n\t\t\t\t\t\t<span itemprop='height'>400<\/span>\n\t\t\t\t\t\t<span itemprop='width'>600<\/span>\n\t\t\t\t<\/span>\n\t\t\t\t<span class='av-structured-data'  itemprop=\"publisher\" itemtype=\"https:\/\/schema.org\/Organization\" itemscope=\"itemscope\" >\n\t\t\t\t\t\t<span itemprop='name'>admin<\/span>\n\t\t\t\t\t\t<span itemprop='logo' itemscope itemtype='https:\/\/schema.org\/ImageObject'>\n\t\t\t\t\t\t\t<span itemprop='url'>https:\/\/amyna.de\/wp\/wp-content\/uploads\/AMYNA_logo_transparent_klein.png<\/span>\n\t\t\t\t\t\t<\/span>\n\t\t\t\t<\/span><span class='av-structured-data'  itemprop=\"author\" itemscope=\"itemscope\" itemtype=\"https:\/\/schema.org\/Person\" ><span itemprop='name'>admin<\/span><\/span><span class='av-structured-data'  itemprop=\"datePublished\" datetime=\"2019-08-18T09:01:29+02:00\" >2017-08-01 15:00:21<\/span><span class='av-structured-data'  itemprop=\"dateModified\" itemtype=\"https:\/\/schema.org\/dateModified\" >2024-07-08 13:41:59<\/span><span class='av-structured-data'  itemprop=\"mainEntityOfPage\" itemtype=\"https:\/\/schema.org\/mainEntityOfPage\" ><span itemprop='name'>Ein B\u00fcndnis der Verantwortung (M\u00fcnchen)<\/span><\/span><\/span><\/article><\/div><div class=\"slide-entry-wrap\"><article class='slide-entry flex_column  post-entry post-entry-2518 slide-entry-overview slide-loop-5 slide-parity-odd  av_one_fourth first real-thumbnail posttype-post post-format-standard'  itemscope=\"itemscope\" itemtype=\"https:\/\/schema.org\/BlogPosting\" itemprop=\"blogPost\" ><a href='https:\/\/amyna.de\/wp\/wir-koennen-da-was-tun-landkreis-dachau\/' data-rel='slide-1' class='slide-image' title='Wir k\u00f6nnen da was tun! &#8211; Landkreis Dachau'><img decoding=\"async\" fetchpriority=\"high\" width=\"260\" height=\"185\" src=\"https:\/\/amyna.de\/wp\/wp-content\/uploads\/angebote_dachau-260x185.jpg\" class=\"wp-image-2526 avia-img-lazy-loading-not-2526 attachment-portfolio_small size-portfolio_small wp-post-image\" alt=\"Angebote Dachau\" \/><\/a><div class=\"slide-content\"><header class=\"entry-content-header\"><h3 class='slide-entry-title entry-title '  itemprop=\"headline\" ><a href='https:\/\/amyna.de\/wp\/wir-koennen-da-was-tun-landkreis-dachau\/' title='Wir k\u00f6nnen da was tun! &#8211; Landkreis Dachau'>Wir k\u00f6nnen da was tun! &#8211; Landkreis Dachau<\/a><\/h3><span class=\"av-vertical-delimiter\"><\/span><\/header><div class=\"slide-meta\"><time class='slide-meta-time updated'  itemprop=\"datePublished\" datetime=\"2017-07-30T12:42:04+02:00\" >30. Juli 2017<\/time><\/div><div class='slide-entry-excerpt entry-content'  itemprop=\"text\" >\r\n\r\n\r\n\r\n\r\n\r\n\r\n\r\n\r\n\r\n\r\n\r\n\r\n\r\n\r\n\r\n\r\n\r\n<\/div><\/div><footer class=\"entry-footer\"><\/footer><span class='hidden'>\n\t\t\t\t<span class='av-structured-data'  itemprop=\"image\" itemscope=\"itemscope\" itemtype=\"https:\/\/schema.org\/ImageObject\" >\n\t\t\t\t\t\t<span itemprop='url'>https:\/\/amyna.de\/wp\/wp-content\/uploads\/angebote_dachau.jpg<\/span>\n\t\t\t\t\t\t<span itemprop='height'>652<\/span>\n\t\t\t\t\t\t<span itemprop='width'>479<\/span>\n\t\t\t\t<\/span>\n\t\t\t\t<span class='av-structured-data'  itemprop=\"publisher\" itemtype=\"https:\/\/schema.org\/Organization\" itemscope=\"itemscope\" >\n\t\t\t\t\t\t<span itemprop='name'>admin<\/span>\n\t\t\t\t\t\t<span itemprop='logo' itemscope itemtype='https:\/\/schema.org\/ImageObject'>\n\t\t\t\t\t\t\t<span itemprop='url'>https:\/\/amyna.de\/wp\/wp-content\/uploads\/AMYNA_logo_transparent_klein.png<\/span>\n\t\t\t\t\t\t<\/span>\n\t\t\t\t<\/span><span class='av-structured-data'  itemprop=\"author\" itemscope=\"itemscope\" itemtype=\"https:\/\/schema.org\/Person\" ><span itemprop='name'>admin<\/span><\/span><span class='av-structured-data'  itemprop=\"datePublished\" datetime=\"2019-08-18T09:01:29+02:00\" >2017-07-30 12:42:04<\/span><span class='av-structured-data'  itemprop=\"dateModified\" itemtype=\"https:\/\/schema.org\/dateModified\" >2025-05-12 14:42:04<\/span><span class='av-structured-data'  itemprop=\"mainEntityOfPage\" itemtype=\"https:\/\/schema.org\/mainEntityOfPage\" ><span itemprop='name'>Wir k\u00f6nnen da was tun! &#8211; Landkreis Dachau<\/span><\/span><\/span><\/article><article class='slide-entry flex_column  post-entry post-entry-1459 slide-entry-overview slide-loop-6 slide-parity-even  av_one_fourth  real-thumbnail posttype-post post-format-standard'  itemscope=\"itemscope\" itemtype=\"https:\/\/schema.org\/BlogPosting\" itemprop=\"blogPost\" ><a href='https:\/\/amyna.de\/wp\/wir-koennen-da-was-tun-ausserhalb-landkreis-muenchen\/' data-rel='slide-1' class='slide-image' title='Wir k\u00f6nnen da was tun \u2013 au\u00dferhalb Landkreis M\u00fcnchen'><img decoding=\"async\" fetchpriority=\"high\" width=\"260\" height=\"185\" src=\"https:\/\/amyna.de\/wp\/wp-content\/uploads\/angebote_bayern-260x185.jpg\" class=\"wp-image-2024 avia-img-lazy-loading-not-2024 attachment-portfolio_small size-portfolio_small wp-post-image\" alt=\"Brosch\u00fcre Angebote Bayern\" \/><\/a><div class=\"slide-content\"><header class=\"entry-content-header\"><h3 class='slide-entry-title entry-title '  itemprop=\"headline\" ><a href='https:\/\/amyna.de\/wp\/wir-koennen-da-was-tun-ausserhalb-landkreis-muenchen\/' title='Wir k\u00f6nnen da was tun \u2013 au\u00dferhalb Landkreis M\u00fcnchen'>Wir k\u00f6nnen da was tun \u2013 au\u00dferhalb Landkreis M\u00fcnchen<\/a><\/h3><span class=\"av-vertical-delimiter\"><\/span><\/header><div class=\"slide-meta\"><time class='slide-meta-time updated'  itemprop=\"datePublished\" datetime=\"2017-07-29T17:10:42+02:00\" >29. Juli 2017<\/time><\/div><div class='slide-entry-excerpt entry-content'  itemprop=\"text\" >\r\n\r\n\r\n\r\n\r\n\r\n\r\n\r\n\r\n\r\n\r\n\r\n\r\n\r\n\r\n\r\n\r\n\r\n\r\n\r\n\r\n\r\n\r\n\r\n<\/div><\/div><footer class=\"entry-footer\"><\/footer><span class='hidden'>\n\t\t\t\t<span class='av-structured-data'  itemprop=\"image\" itemscope=\"itemscope\" itemtype=\"https:\/\/schema.org\/ImageObject\" >\n\t\t\t\t\t\t<span itemprop='url'>https:\/\/amyna.de\/wp\/wp-content\/uploads\/angebote_bayern.jpg<\/span>\n\t\t\t\t\t\t<span itemprop='height'>341<\/span>\n\t\t\t\t\t\t<span itemprop='width'>417<\/span>\n\t\t\t\t<\/span>\n\t\t\t\t<span class='av-structured-data'  itemprop=\"publisher\" itemtype=\"https:\/\/schema.org\/Organization\" itemscope=\"itemscope\" >\n\t\t\t\t\t\t<span itemprop='name'>admin<\/span>\n\t\t\t\t\t\t<span itemprop='logo' itemscope itemtype='https:\/\/schema.org\/ImageObject'>\n\t\t\t\t\t\t\t<span itemprop='url'>https:\/\/amyna.de\/wp\/wp-content\/uploads\/AMYNA_logo_transparent_klein.png<\/span>\n\t\t\t\t\t\t<\/span>\n\t\t\t\t<\/span><span class='av-structured-data'  itemprop=\"author\" itemscope=\"itemscope\" itemtype=\"https:\/\/schema.org\/Person\" ><span itemprop='name'>admin<\/span><\/span><span class='av-structured-data'  itemprop=\"datePublished\" datetime=\"2019-08-18T09:01:29+02:00\" >2017-07-29 17:10:42<\/span><span class='av-structured-data'  itemprop=\"dateModified\" itemtype=\"https:\/\/schema.org\/dateModified\" >2025-03-11 14:22:40<\/span><span class='av-structured-data'  itemprop=\"mainEntityOfPage\" itemtype=\"https:\/\/schema.org\/mainEntityOfPage\" ><span itemprop='name'>Wir k\u00f6nnen da was tun \u2013 au\u00dferhalb Landkreis M\u00fcnchen<\/span><\/span><\/span><\/article><article class='slide-entry flex_column  post-entry post-entry-1452 slide-entry-overview slide-loop-7 slide-parity-odd  post-entry-last  av_one_fourth  real-thumbnail posttype-post post-format-standard'  itemscope=\"itemscope\" itemtype=\"https:\/\/schema.org\/BlogPosting\" itemprop=\"blogPost\" ><a href='https:\/\/amyna.de\/wp\/caritas-kindertageseinrichtungen-in-stadt-und-landkreis-muenchen\/' data-rel='slide-1' class='slide-image' title='Caritas-Kindertageseinrichtungen in Stadt und Landkreis M\u00fcnchen'><img decoding=\"async\" fetchpriority=\"high\" width=\"260\" height=\"185\" src=\"https:\/\/amyna.de\/wp\/wp-content\/uploads\/caritas_mittel-260x185.jpg\" class=\"wp-image-2036 avia-img-lazy-loading-not-2036 attachment-portfolio_small size-portfolio_small wp-post-image\" alt=\"Caritas-Logo\" \/><\/a><div class=\"slide-content\"><header class=\"entry-content-header\"><h3 class='slide-entry-title entry-title '  itemprop=\"headline\" ><a href='https:\/\/amyna.de\/wp\/caritas-kindertageseinrichtungen-in-stadt-und-landkreis-muenchen\/' title='Caritas-Kindertageseinrichtungen in Stadt und Landkreis M\u00fcnchen'>Caritas-Kindertageseinrichtungen in Stadt und Landkreis M\u00fcnchen<\/a><\/h3><span class=\"av-vertical-delimiter\"><\/span><\/header><div class=\"slide-meta\"><time class='slide-meta-time updated'  itemprop=\"datePublished\" datetime=\"2017-07-27T17:03:12+02:00\" >27. Juli 2017<\/time><\/div><div class='slide-entry-excerpt entry-content'  itemprop=\"text\" >\r\n\r\n\r\n\r\n\r\n\r\n\r\n\r\n\r\n\r\n\r\n\r\n<\/div><\/div><footer class=\"entry-footer\"><\/footer><span class='hidden'>\n\t\t\t\t<span class='av-structured-data'  itemprop=\"image\" itemscope=\"itemscope\" itemtype=\"https:\/\/schema.org\/ImageObject\" >\n\t\t\t\t\t\t<span itemprop='url'>https:\/\/amyna.de\/wp\/wp-content\/uploads\/caritas_mittel.jpg<\/span>\n\t\t\t\t\t\t<span itemprop='height'>400<\/span>\n\t\t\t\t\t\t<span itemprop='width'>600<\/span>\n\t\t\t\t<\/span>\n\t\t\t\t<span class='av-structured-data'  itemprop=\"publisher\" itemtype=\"https:\/\/schema.org\/Organization\" itemscope=\"itemscope\" >\n\t\t\t\t\t\t<span itemprop='name'>admin<\/span>\n\t\t\t\t\t\t<span itemprop='logo' itemscope itemtype='https:\/\/schema.org\/ImageObject'>\n\t\t\t\t\t\t\t<span itemprop='url'>https:\/\/amyna.de\/wp\/wp-content\/uploads\/AMYNA_logo_transparent_klein.png<\/span>\n\t\t\t\t\t\t<\/span>\n\t\t\t\t<\/span><span class='av-structured-data'  itemprop=\"author\" itemscope=\"itemscope\" itemtype=\"https:\/\/schema.org\/Person\" ><span itemprop='name'>admin<\/span><\/span><span class='av-structured-data'  itemprop=\"datePublished\" datetime=\"2019-08-18T09:01:29+02:00\" >2017-07-27 17:03:12<\/span><span class='av-structured-data'  itemprop=\"dateModified\" itemtype=\"https:\/\/schema.org\/dateModified\" >2025-05-12 14:42:56<\/span><span class='av-structured-data'  itemprop=\"mainEntityOfPage\" itemtype=\"https:\/\/schema.org\/mainEntityOfPage\" ><span itemprop='name'>Caritas-Kindertageseinrichtungen in Stadt und Landkreis M\u00fcnchen<\/span><\/span><\/span><\/article><\/div><\/div><\/div>\n<div  class='avia-button-wrap av-1x7hfi-6f8e0ade6269bbc21a58cffa8a4b248c-wrap avia-button-left  avia-builder-el-10  el_after_av_blog  avia-builder-el-last '><a href='https:\/\/amyna.de\/wp\/angebot\/schulungen-fuer-fachkraefte\/praevention-kita\/'  class='avia-button av-1x7hfi-6f8e0ade6269bbc21a58cffa8a4b248c av-link-btn avia-icon_select-yes-left-icon avia-size-small avia-position-left avia-color-theme-color-subtle'   aria-label=\"Zur\u00fcck zur \u00dcbersicht\"><span class='avia_button_icon avia_button_icon_left' aria-hidden='true' data-av_icon='\ue878' data-av_iconfont='entypo-fontello'><\/span><span class='avia_iconbox_title' >Zur\u00fcck zur \u00dcbersicht<\/span><\/a><\/div>\n","protected":false},"excerpt":{"rendered":"","protected":false},"author":1,"featured_media":1521,"comment_status":"closed","ping_status":"closed","sticky":false,"template":"","format":"standard","meta":{"footnotes":""},"categories":[37],"tags":[52],"class_list":["post-2686","post","type-post","status-publish","format-standard","has-post-thumbnail","hentry","category-praevention-in-der-kita-teamschulungen","tag-kitas"],"yoast_head":"<!-- This site is optimized with the Yoast SEO plugin v27.5 - https:\/\/yoast.com\/product\/yoast-seo-wordpress\/ -->\n<title>Der professionelle Umgang mit N\u00e4he und Distanz in der Kindertagesst\u00e4tte (M\u00fcnchen) - AMYNA e.V.<\/title>\n<meta name=\"robots\" content=\"index, follow, max-snippet:-1, max-image-preview:large, max-video-preview:-1\" \/>\n<link rel=\"canonical\" href=\"https:\/\/amyna.de\/wp\/der-professionelle-umgang-mit-naehe-und-distanz-in-der-kindertagesstaette-muenchen\/\" \/>\n<meta property=\"og:locale\" content=\"de_DE\" \/>\n<meta property=\"og:type\" content=\"article\" \/>\n<meta property=\"og:title\" content=\"Der professionelle Umgang mit N\u00e4he und Distanz in der Kindertagesst\u00e4tte (M\u00fcnchen) - AMYNA e.V.\" \/>\n<meta property=\"og:url\" content=\"https:\/\/amyna.de\/wp\/der-professionelle-umgang-mit-naehe-und-distanz-in-der-kindertagesstaette-muenchen\/\" \/>\n<meta property=\"og:site_name\" content=\"AMYNA e.V.\" \/>\n<meta property=\"article:published_time\" content=\"2019-08-18T07:01:29+00:00\" \/>\n<meta property=\"article:modified_time\" content=\"2024-08-23T09:01:29+00:00\" \/>\n<meta property=\"og:image\" content=\"https:\/\/amyna.de\/wp\/wp-content\/uploads\/Praevention_in_der-Kita_mittel.jpg\" \/>\n\t<meta property=\"og:image:width\" content=\"600\" \/>\n\t<meta property=\"og:image:height\" content=\"400\" \/>\n\t<meta property=\"og:image:type\" content=\"image\/jpeg\" \/>\n<meta name=\"author\" content=\"admin\" \/>\n<meta name=\"twitter:card\" content=\"summary_large_image\" \/>\n<meta name=\"twitter:label1\" content=\"Verfasst von\" \/>\n\t<meta name=\"twitter:data1\" content=\"admin\" \/>\n\t<meta name=\"twitter:label2\" content=\"Gesch\u00e4tzte Lesezeit\" \/>\n\t<meta name=\"twitter:data2\" content=\"6\u00a0Minuten\" \/>\n<script type=\"application\/ld+json\" class=\"yoast-schema-graph\">{\"@context\":\"https:\\\/\\\/schema.org\",\"@graph\":[{\"@type\":\"Article\",\"@id\":\"https:\\\/\\\/amyna.de\\\/wp\\\/der-professionelle-umgang-mit-naehe-und-distanz-in-der-kindertagesstaette-muenchen\\\/#article\",\"isPartOf\":{\"@id\":\"https:\\\/\\\/amyna.de\\\/wp\\\/der-professionelle-umgang-mit-naehe-und-distanz-in-der-kindertagesstaette-muenchen\\\/\"},\"author\":{\"name\":\"admin\",\"@id\":\"https:\\\/\\\/amyna.de\\\/wp\\\/#\\\/schema\\\/person\\\/2aeccee57824d18bf370ec42efaf0f4f\"},\"headline\":\"Der professionelle Umgang mit N\u00e4he und Distanz in der Kindertagesst\u00e4tte (M\u00fcnchen)\",\"datePublished\":\"2019-08-18T07:01:29+00:00\",\"dateModified\":\"2024-08-23T09:01:29+00:00\",\"mainEntityOfPage\":{\"@id\":\"https:\\\/\\\/amyna.de\\\/wp\\\/der-professionelle-umgang-mit-naehe-und-distanz-in-der-kindertagesstaette-muenchen\\\/\"},\"wordCount\":1553,\"image\":{\"@id\":\"https:\\\/\\\/amyna.de\\\/wp\\\/der-professionelle-umgang-mit-naehe-und-distanz-in-der-kindertagesstaette-muenchen\\\/#primaryimage\"},\"thumbnailUrl\":\"https:\\\/\\\/amyna.de\\\/wp\\\/wp-content\\\/uploads\\\/Praevention_in_der-Kita_mittel.jpg\",\"keywords\":[\"Kitas\"],\"articleSection\":[\"Pr\u00e4vention in der Kita - Teamschulungen\"],\"inLanguage\":\"de\"},{\"@type\":\"WebPage\",\"@id\":\"https:\\\/\\\/amyna.de\\\/wp\\\/der-professionelle-umgang-mit-naehe-und-distanz-in-der-kindertagesstaette-muenchen\\\/\",\"url\":\"https:\\\/\\\/amyna.de\\\/wp\\\/der-professionelle-umgang-mit-naehe-und-distanz-in-der-kindertagesstaette-muenchen\\\/\",\"name\":\"Der professionelle Umgang mit N\u00e4he und Distanz in der Kindertagesst\u00e4tte (M\u00fcnchen) - AMYNA e.V.\",\"isPartOf\":{\"@id\":\"https:\\\/\\\/amyna.de\\\/wp\\\/#website\"},\"primaryImageOfPage\":{\"@id\":\"https:\\\/\\\/amyna.de\\\/wp\\\/der-professionelle-umgang-mit-naehe-und-distanz-in-der-kindertagesstaette-muenchen\\\/#primaryimage\"},\"image\":{\"@id\":\"https:\\\/\\\/amyna.de\\\/wp\\\/der-professionelle-umgang-mit-naehe-und-distanz-in-der-kindertagesstaette-muenchen\\\/#primaryimage\"},\"thumbnailUrl\":\"https:\\\/\\\/amyna.de\\\/wp\\\/wp-content\\\/uploads\\\/Praevention_in_der-Kita_mittel.jpg\",\"datePublished\":\"2019-08-18T07:01:29+00:00\",\"dateModified\":\"2024-08-23T09:01:29+00:00\",\"author\":{\"@id\":\"https:\\\/\\\/amyna.de\\\/wp\\\/#\\\/schema\\\/person\\\/2aeccee57824d18bf370ec42efaf0f4f\"},\"breadcrumb\":{\"@id\":\"https:\\\/\\\/amyna.de\\\/wp\\\/der-professionelle-umgang-mit-naehe-und-distanz-in-der-kindertagesstaette-muenchen\\\/#breadcrumb\"},\"inLanguage\":\"de\",\"potentialAction\":[{\"@type\":\"ReadAction\",\"target\":[\"https:\\\/\\\/amyna.de\\\/wp\\\/der-professionelle-umgang-mit-naehe-und-distanz-in-der-kindertagesstaette-muenchen\\\/\"]}]},{\"@type\":\"ImageObject\",\"inLanguage\":\"de\",\"@id\":\"https:\\\/\\\/amyna.de\\\/wp\\\/der-professionelle-umgang-mit-naehe-und-distanz-in-der-kindertagesstaette-muenchen\\\/#primaryimage\",\"url\":\"https:\\\/\\\/amyna.de\\\/wp\\\/wp-content\\\/uploads\\\/Praevention_in_der-Kita_mittel.jpg\",\"contentUrl\":\"https:\\\/\\\/amyna.de\\\/wp\\\/wp-content\\\/uploads\\\/Praevention_in_der-Kita_mittel.jpg\",\"width\":600,\"height\":400,\"caption\":\"Pr\u00e4vention in der Kita\"},{\"@type\":\"BreadcrumbList\",\"@id\":\"https:\\\/\\\/amyna.de\\\/wp\\\/der-professionelle-umgang-mit-naehe-und-distanz-in-der-kindertagesstaette-muenchen\\\/#breadcrumb\",\"itemListElement\":[{\"@type\":\"ListItem\",\"position\":1,\"name\":\"Startseite\",\"item\":\"https:\\\/\\\/amyna.de\\\/wp\\\/\"},{\"@type\":\"ListItem\",\"position\":2,\"name\":\"Der professionelle Umgang mit N\u00e4he und Distanz in der Kindertagesst\u00e4tte (M\u00fcnchen)\"}]},{\"@type\":\"WebSite\",\"@id\":\"https:\\\/\\\/amyna.de\\\/wp\\\/#website\",\"url\":\"https:\\\/\\\/amyna.de\\\/wp\\\/\",\"name\":\"AMYNA e.V.\",\"description\":\"Verein zur Abschaffung von sexuellem Missbrauch und sexueller Gewalt\",\"potentialAction\":[{\"@type\":\"SearchAction\",\"target\":{\"@type\":\"EntryPoint\",\"urlTemplate\":\"https:\\\/\\\/amyna.de\\\/wp\\\/?s={search_term_string}\"},\"query-input\":{\"@type\":\"PropertyValueSpecification\",\"valueRequired\":true,\"valueName\":\"search_term_string\"}}],\"inLanguage\":\"de\"},{\"@type\":\"Person\",\"@id\":\"https:\\\/\\\/amyna.de\\\/wp\\\/#\\\/schema\\\/person\\\/2aeccee57824d18bf370ec42efaf0f4f\",\"name\":\"admin\",\"sameAs\":[\"https:\\\/\\\/amyna.de\\\/wp\"],\"url\":\"https:\\\/\\\/amyna.de\\\/wp\\\/author\\\/gs_wp_admin\\\/\"}]}<\/script>\n<!-- \/ Yoast SEO plugin. -->","yoast_head_json":{"title":"Der professionelle Umgang mit N\u00e4he und Distanz in der Kindertagesst\u00e4tte (M\u00fcnchen) - AMYNA e.V.","robots":{"index":"index","follow":"follow","max-snippet":"max-snippet:-1","max-image-preview":"max-image-preview:large","max-video-preview":"max-video-preview:-1"},"canonical":"https:\/\/amyna.de\/wp\/der-professionelle-umgang-mit-naehe-und-distanz-in-der-kindertagesstaette-muenchen\/","og_locale":"de_DE","og_type":"article","og_title":"Der professionelle Umgang mit N\u00e4he und Distanz in der Kindertagesst\u00e4tte (M\u00fcnchen) - AMYNA e.V.","og_url":"https:\/\/amyna.de\/wp\/der-professionelle-umgang-mit-naehe-und-distanz-in-der-kindertagesstaette-muenchen\/","og_site_name":"AMYNA e.V.","article_published_time":"2019-08-18T07:01:29+00:00","article_modified_time":"2024-08-23T09:01:29+00:00","og_image":[{"width":600,"height":400,"url":"https:\/\/amyna.de\/wp\/wp-content\/uploads\/Praevention_in_der-Kita_mittel.jpg","type":"image\/jpeg"}],"author":"admin","twitter_card":"summary_large_image","twitter_misc":{"Verfasst von":"admin","Gesch\u00e4tzte Lesezeit":"6\u00a0Minuten"},"schema":{"@context":"https:\/\/schema.org","@graph":[{"@type":"Article","@id":"https:\/\/amyna.de\/wp\/der-professionelle-umgang-mit-naehe-und-distanz-in-der-kindertagesstaette-muenchen\/#article","isPartOf":{"@id":"https:\/\/amyna.de\/wp\/der-professionelle-umgang-mit-naehe-und-distanz-in-der-kindertagesstaette-muenchen\/"},"author":{"name":"admin","@id":"https:\/\/amyna.de\/wp\/#\/schema\/person\/2aeccee57824d18bf370ec42efaf0f4f"},"headline":"Der professionelle Umgang mit N\u00e4he und Distanz in der Kindertagesst\u00e4tte (M\u00fcnchen)","datePublished":"2019-08-18T07:01:29+00:00","dateModified":"2024-08-23T09:01:29+00:00","mainEntityOfPage":{"@id":"https:\/\/amyna.de\/wp\/der-professionelle-umgang-mit-naehe-und-distanz-in-der-kindertagesstaette-muenchen\/"},"wordCount":1553,"image":{"@id":"https:\/\/amyna.de\/wp\/der-professionelle-umgang-mit-naehe-und-distanz-in-der-kindertagesstaette-muenchen\/#primaryimage"},"thumbnailUrl":"https:\/\/amyna.de\/wp\/wp-content\/uploads\/Praevention_in_der-Kita_mittel.jpg","keywords":["Kitas"],"articleSection":["Pr\u00e4vention in der Kita - Teamschulungen"],"inLanguage":"de"},{"@type":"WebPage","@id":"https:\/\/amyna.de\/wp\/der-professionelle-umgang-mit-naehe-und-distanz-in-der-kindertagesstaette-muenchen\/","url":"https:\/\/amyna.de\/wp\/der-professionelle-umgang-mit-naehe-und-distanz-in-der-kindertagesstaette-muenchen\/","name":"Der professionelle Umgang mit N\u00e4he und Distanz in der Kindertagesst\u00e4tte (M\u00fcnchen) - AMYNA e.V.","isPartOf":{"@id":"https:\/\/amyna.de\/wp\/#website"},"primaryImageOfPage":{"@id":"https:\/\/amyna.de\/wp\/der-professionelle-umgang-mit-naehe-und-distanz-in-der-kindertagesstaette-muenchen\/#primaryimage"},"image":{"@id":"https:\/\/amyna.de\/wp\/der-professionelle-umgang-mit-naehe-und-distanz-in-der-kindertagesstaette-muenchen\/#primaryimage"},"thumbnailUrl":"https:\/\/amyna.de\/wp\/wp-content\/uploads\/Praevention_in_der-Kita_mittel.jpg","datePublished":"2019-08-18T07:01:29+00:00","dateModified":"2024-08-23T09:01:29+00:00","author":{"@id":"https:\/\/amyna.de\/wp\/#\/schema\/person\/2aeccee57824d18bf370ec42efaf0f4f"},"breadcrumb":{"@id":"https:\/\/amyna.de\/wp\/der-professionelle-umgang-mit-naehe-und-distanz-in-der-kindertagesstaette-muenchen\/#breadcrumb"},"inLanguage":"de","potentialAction":[{"@type":"ReadAction","target":["https:\/\/amyna.de\/wp\/der-professionelle-umgang-mit-naehe-und-distanz-in-der-kindertagesstaette-muenchen\/"]}]},{"@type":"ImageObject","inLanguage":"de","@id":"https:\/\/amyna.de\/wp\/der-professionelle-umgang-mit-naehe-und-distanz-in-der-kindertagesstaette-muenchen\/#primaryimage","url":"https:\/\/amyna.de\/wp\/wp-content\/uploads\/Praevention_in_der-Kita_mittel.jpg","contentUrl":"https:\/\/amyna.de\/wp\/wp-content\/uploads\/Praevention_in_der-Kita_mittel.jpg","width":600,"height":400,"caption":"Pr\u00e4vention in der Kita"},{"@type":"BreadcrumbList","@id":"https:\/\/amyna.de\/wp\/der-professionelle-umgang-mit-naehe-und-distanz-in-der-kindertagesstaette-muenchen\/#breadcrumb","itemListElement":[{"@type":"ListItem","position":1,"name":"Startseite","item":"https:\/\/amyna.de\/wp\/"},{"@type":"ListItem","position":2,"name":"Der professionelle Umgang mit N\u00e4he und Distanz in der Kindertagesst\u00e4tte (M\u00fcnchen)"}]},{"@type":"WebSite","@id":"https:\/\/amyna.de\/wp\/#website","url":"https:\/\/amyna.de\/wp\/","name":"AMYNA e.V.","description":"Verein zur Abschaffung von sexuellem Missbrauch und sexueller Gewalt","potentialAction":[{"@type":"SearchAction","target":{"@type":"EntryPoint","urlTemplate":"https:\/\/amyna.de\/wp\/?s={search_term_string}"},"query-input":{"@type":"PropertyValueSpecification","valueRequired":true,"valueName":"search_term_string"}}],"inLanguage":"de"},{"@type":"Person","@id":"https:\/\/amyna.de\/wp\/#\/schema\/person\/2aeccee57824d18bf370ec42efaf0f4f","name":"admin","sameAs":["https:\/\/amyna.de\/wp"],"url":"https:\/\/amyna.de\/wp\/author\/gs_wp_admin\/"}]}},"_links":{"self":[{"href":"https:\/\/amyna.de\/wp\/wp-json\/wp\/v2\/posts\/2686","targetHints":{"allow":["GET"]}}],"collection":[{"href":"https:\/\/amyna.de\/wp\/wp-json\/wp\/v2\/posts"}],"about":[{"href":"https:\/\/amyna.de\/wp\/wp-json\/wp\/v2\/types\/post"}],"author":[{"embeddable":true,"href":"https:\/\/amyna.de\/wp\/wp-json\/wp\/v2\/users\/1"}],"replies":[{"embeddable":true,"href":"https:\/\/amyna.de\/wp\/wp-json\/wp\/v2\/comments?post=2686"}],"version-history":[{"count":4,"href":"https:\/\/amyna.de\/wp\/wp-json\/wp\/v2\/posts\/2686\/revisions"}],"predecessor-version":[{"id":13276,"href":"https:\/\/amyna.de\/wp\/wp-json\/wp\/v2\/posts\/2686\/revisions\/13276"}],"wp:featuredmedia":[{"embeddable":true,"href":"https:\/\/amyna.de\/wp\/wp-json\/wp\/v2\/media\/1521"}],"wp:attachment":[{"href":"https:\/\/amyna.de\/wp\/wp-json\/wp\/v2\/media?parent=2686"}],"wp:term":[{"taxonomy":"category","embeddable":true,"href":"https:\/\/amyna.de\/wp\/wp-json\/wp\/v2\/categories?post=2686"},{"taxonomy":"post_tag","embeddable":true,"href":"https:\/\/amyna.de\/wp\/wp-json\/wp\/v2\/tags?post=2686"}],"curies":[{"name":"wp","href":"https:\/\/api.w.org\/{rel}","templated":true}]}}