{"id":1807,"date":"2021-07-15T13:34:28","date_gmt":"2021-07-15T11:34:28","guid":{"rendered":"https:\/\/amyna.de\/wp\/?p=1807"},"modified":"2021-07-15T13:34:28","modified_gmt":"2021-07-15T11:34:28","slug":"beratung-fuer-einzelpersonen-zur-praevention-von-sexuellem-missbrauch","status":"publish","type":"post","link":"https:\/\/amyna.de\/wp\/beratung-fuer-einzelpersonen-zur-praevention-von-sexuellem-missbrauch\/","title":{"rendered":"Beratung f\u00fcr Einzelpersonen zur Pr\u00e4vention von sexuellem Missbrauch"},"content":{"rendered":"<p>Wir beraten Eltern und weitere Bezugspersonen von Kindern und Jugendlichen sowie p\u00e4dagogische Fachkr\u00e4fte rund um Fragen der Pr\u00e4vention von sexuellem Missbrauch. Egal welche Frage oder welches Anliegen Sie haben \u2013 rund um die Pr\u00e4vention von sexuellem Missbrauch \u2013 wir beantworten sie gerne. Melden Sie sich per Telefon oder Mail bei uns.<\/p>\n<p>&nbsp;<\/p>\n<p>Sie k\u00f6nnen sich <strong>zum Beispiel<\/strong> mit Fragen an uns wenden wie:<\/p>\n<p><em>&#8222;Wir m\u00f6chten f\u00fcr unsere Einrichtung ein Schutzkonzept erstellen. Was brauchen wir daf\u00fcr, k\u00f6nnen Sie uns dabei unterst\u00fctzen?&#8220; <\/em><\/p>\n<p><em>&#8222;Was m\u00fcssen wir in unserem Ferienlager bedenken, um M\u00e4dchen* und Jungen* vor sexuellem Missbrauch zu sch\u00fctzen?&#8220; <\/em><\/p>\n<p><em>&#8222;Wir m\u00f6chten einen Elternabend veranstalten, was bieten Sie uns an?&#8220; <\/em><\/p>\n<p><em>&#8222;Unsere Tochter ist in letzter Zeit viel auf TikTok, wie kann ich sie da gut begleiten?&#8220; <\/em><\/p>\n<p><em>&#8222;Ich m\u00f6chte mit meinem Kind das Thema Gef\u00fchle besprechen, haben Sie einen Buchtipp f\u00fcr mich?&#8220; <\/em><\/p>\n<p><em>&#8222;Wir sind eine Gruppe von Ehrenamtlichen in der Fl\u00fcchtlingshilfe und wollen uns zum Thema N\u00e4he und Distanz zusammensetzen. Was ist da wichtig f\u00fcr uns? Wie sollten wir vorgehen?&#8220;<\/em><\/p>\n<p>&nbsp;<\/p>\n<p><strong>Hinweis:<\/strong><\/p>\n<p>Bei Fragen zu Sexualp\u00e4dagogik und sexuellen Grenz\u00fcberschreitungen durch Kinder <a href=\"https:\/\/amyna.de\/wp\/beratung-durch-grenzwertich-sexuelle-gewalt-durch-kinder-und-jugendliche-verhindern\/\">wenden Sie sich bitte an unseren Bereich GrenzwertICH.\u00a0<\/a><\/p>\n<p>Bitte beachten Sie au\u00dferdem, dass wir nicht im Verdachtsfall beraten. Wenn m\u00f6glich nennen wir Ihnen\u00a0 aber gerne Anlaufstellen in Ihrer Region. <a href=\"https:\/\/amyna.de\/wp\/infos-im-verdachtsfall\/\">Weitere Informationen dazu finden Sie hier.<\/a><\/p>\n<div  class='hr av-av_hr-45f931f05f5898fdc250bd31b51b694c hr-default  avia-builder-el-0  el_before_av_blog  avia-builder-el-first '><span class='hr-inner '><span class=\"hr-inner-style\"><\/span><\/span><\/div>\n\n<div  class='avia-button-wrap av-av_button-a3e1549c113559e47590a9e8ad6ad315-wrap avia-button-left  avia-builder-el-2  el_after_av_blog  avia-builder-el-last '><a href='https:\/\/amyna.de\/wp\/angebot\/beratung\/'  class='avia-button av-av_button-a3e1549c113559e47590a9e8ad6ad315 av-link-btn avia-icon_select-yes-left-icon avia-size-small avia-position-left avia-color-theme-color-subtle'   aria-label=\"Zur\u00fcck zu Beratung\"><span class='avia_button_icon avia_button_icon_left' aria-hidden='true' data-av_icon='\ue878' data-av_iconfont='entypo-fontello'><\/span><span class='avia_iconbox_title' >Zur\u00fcck zu Beratung<\/span><\/a><\/div>\n","protected":false},"excerpt":{"rendered":"<p>Wir beraten Eltern und weitere Bezugspersonen von Kindern und Jugendlichen sowie p\u00e4dagogische Fachkr\u00e4fte rund um Fragen der Pr\u00e4vention von sexuellem Missbrauch. Egal welche Frage oder welches Anliegen Sie haben \u2013 rund um die Pr\u00e4vention von sexuellem Missbrauch \u2013 wir beantworten sie gerne. Melden Sie sich per Telefon oder Mail bei uns. &nbsp; Sie k\u00f6nnen sich [&hellip;]<\/p>\n","protected":false},"author":1,"featured_media":1868,"comment_status":"closed","ping_status":"closed","sticky":false,"template":"","format":"standard","meta":{"footnotes":""},"categories":[11],"tags":[],"class_list":["post-1807","post","type-post","status-publish","format-standard","has-post-thumbnail","hentry","category-beratung"],"yoast_head":"<!-- This site is optimized with the Yoast SEO plugin v27.5 - https:\/\/yoast.com\/product\/yoast-seo-wordpress\/ -->\n<title>Beratung f\u00fcr Einzelpersonen zur Pr\u00e4vention von sexuellem Missbrauch - AMYNA e.V.<\/title>\n<meta name=\"robots\" content=\"index, follow, max-snippet:-1, max-image-preview:large, max-video-preview:-1\" \/>\n<link rel=\"canonical\" href=\"https:\/\/amyna.de\/wp\/beratung-fuer-einzelpersonen-zur-praevention-von-sexuellem-missbrauch\/\" \/>\n<meta property=\"og:locale\" content=\"de_DE\" \/>\n<meta property=\"og:type\" content=\"article\" \/>\n<meta property=\"og:title\" content=\"Beratung f\u00fcr Einzelpersonen zur Pr\u00e4vention von sexuellem Missbrauch - AMYNA e.V.\" \/>\n<meta property=\"og:description\" content=\"Wir beraten Eltern und weitere Bezugspersonen von Kindern und Jugendlichen sowie p\u00e4dagogische Fachkr\u00e4fte rund um Fragen der Pr\u00e4vention von sexuellem Missbrauch. Egal welche Frage oder welches Anliegen Sie haben \u2013 rund um die Pr\u00e4vention von sexuellem Missbrauch \u2013 wir beantworten sie gerne. Melden Sie sich per Telefon oder Mail bei uns. &nbsp; Sie k\u00f6nnen sich [&hellip;]\" \/>\n<meta property=\"og:url\" content=\"https:\/\/amyna.de\/wp\/beratung-fuer-einzelpersonen-zur-praevention-von-sexuellem-missbrauch\/\" \/>\n<meta property=\"og:site_name\" content=\"AMYNA e.V.\" \/>\n<meta property=\"article:published_time\" content=\"2021-07-15T11:34:28+00:00\" \/>\n<meta property=\"og:image\" content=\"https:\/\/amyna.de\/wp\/wp-content\/uploads\/questions_answers_beratung_mittel.jpg\" \/>\n\t<meta property=\"og:image:width\" content=\"600\" \/>\n\t<meta property=\"og:image:height\" content=\"400\" \/>\n\t<meta property=\"og:image:type\" content=\"image\/jpeg\" \/>\n<meta name=\"author\" content=\"admin\" \/>\n<meta name=\"twitter:card\" content=\"summary_large_image\" \/>\n<meta name=\"twitter:label1\" content=\"Verfasst von\" \/>\n\t<meta name=\"twitter:data1\" content=\"admin\" \/>\n\t<meta name=\"twitter:label2\" content=\"Gesch\u00e4tzte Lesezeit\" \/>\n\t<meta name=\"twitter:data2\" content=\"2\u00a0Minuten\" \/>\n<script type=\"application\/ld+json\" class=\"yoast-schema-graph\">{\"@context\":\"https:\\\/\\\/schema.org\",\"@graph\":[{\"@type\":\"Article\",\"@id\":\"https:\\\/\\\/amyna.de\\\/wp\\\/beratung-fuer-einzelpersonen-zur-praevention-von-sexuellem-missbrauch\\\/#article\",\"isPartOf\":{\"@id\":\"https:\\\/\\\/amyna.de\\\/wp\\\/beratung-fuer-einzelpersonen-zur-praevention-von-sexuellem-missbrauch\\\/\"},\"author\":{\"name\":\"admin\",\"@id\":\"https:\\\/\\\/amyna.de\\\/wp\\\/#\\\/schema\\\/person\\\/2aeccee57824d18bf370ec42efaf0f4f\"},\"headline\":\"Beratung f\u00fcr Einzelpersonen zur Pr\u00e4vention von sexuellem Missbrauch\",\"datePublished\":\"2021-07-15T11:34:28+00:00\",\"mainEntityOfPage\":{\"@id\":\"https:\\\/\\\/amyna.de\\\/wp\\\/beratung-fuer-einzelpersonen-zur-praevention-von-sexuellem-missbrauch\\\/\"},\"wordCount\":339,\"image\":{\"@id\":\"https:\\\/\\\/amyna.de\\\/wp\\\/beratung-fuer-einzelpersonen-zur-praevention-von-sexuellem-missbrauch\\\/#primaryimage\"},\"thumbnailUrl\":\"https:\\\/\\\/amyna.de\\\/wp\\\/wp-content\\\/uploads\\\/questions_answers_beratung_mittel.jpg\",\"articleSection\":[\"Beratung\"],\"inLanguage\":\"de\"},{\"@type\":\"WebPage\",\"@id\":\"https:\\\/\\\/amyna.de\\\/wp\\\/beratung-fuer-einzelpersonen-zur-praevention-von-sexuellem-missbrauch\\\/\",\"url\":\"https:\\\/\\\/amyna.de\\\/wp\\\/beratung-fuer-einzelpersonen-zur-praevention-von-sexuellem-missbrauch\\\/\",\"name\":\"Beratung f\u00fcr Einzelpersonen zur Pr\u00e4vention von sexuellem Missbrauch - AMYNA e.V.\",\"isPartOf\":{\"@id\":\"https:\\\/\\\/amyna.de\\\/wp\\\/#website\"},\"primaryImageOfPage\":{\"@id\":\"https:\\\/\\\/amyna.de\\\/wp\\\/beratung-fuer-einzelpersonen-zur-praevention-von-sexuellem-missbrauch\\\/#primaryimage\"},\"image\":{\"@id\":\"https:\\\/\\\/amyna.de\\\/wp\\\/beratung-fuer-einzelpersonen-zur-praevention-von-sexuellem-missbrauch\\\/#primaryimage\"},\"thumbnailUrl\":\"https:\\\/\\\/amyna.de\\\/wp\\\/wp-content\\\/uploads\\\/questions_answers_beratung_mittel.jpg\",\"datePublished\":\"2021-07-15T11:34:28+00:00\",\"author\":{\"@id\":\"https:\\\/\\\/amyna.de\\\/wp\\\/#\\\/schema\\\/person\\\/2aeccee57824d18bf370ec42efaf0f4f\"},\"breadcrumb\":{\"@id\":\"https:\\\/\\\/amyna.de\\\/wp\\\/beratung-fuer-einzelpersonen-zur-praevention-von-sexuellem-missbrauch\\\/#breadcrumb\"},\"inLanguage\":\"de\",\"potentialAction\":[{\"@type\":\"ReadAction\",\"target\":[\"https:\\\/\\\/amyna.de\\\/wp\\\/beratung-fuer-einzelpersonen-zur-praevention-von-sexuellem-missbrauch\\\/\"]}]},{\"@type\":\"ImageObject\",\"inLanguage\":\"de\",\"@id\":\"https:\\\/\\\/amyna.de\\\/wp\\\/beratung-fuer-einzelpersonen-zur-praevention-von-sexuellem-missbrauch\\\/#primaryimage\",\"url\":\"https:\\\/\\\/amyna.de\\\/wp\\\/wp-content\\\/uploads\\\/questions_answers_beratung_mittel.jpg\",\"contentUrl\":\"https:\\\/\\\/amyna.de\\\/wp\\\/wp-content\\\/uploads\\\/questions_answers_beratung_mittel.jpg\",\"width\":600,\"height\":400},{\"@type\":\"BreadcrumbList\",\"@id\":\"https:\\\/\\\/amyna.de\\\/wp\\\/beratung-fuer-einzelpersonen-zur-praevention-von-sexuellem-missbrauch\\\/#breadcrumb\",\"itemListElement\":[{\"@type\":\"ListItem\",\"position\":1,\"name\":\"Startseite\",\"item\":\"https:\\\/\\\/amyna.de\\\/wp\\\/\"},{\"@type\":\"ListItem\",\"position\":2,\"name\":\"Beratung f\u00fcr Einzelpersonen zur Pr\u00e4vention von sexuellem Missbrauch\"}]},{\"@type\":\"WebSite\",\"@id\":\"https:\\\/\\\/amyna.de\\\/wp\\\/#website\",\"url\":\"https:\\\/\\\/amyna.de\\\/wp\\\/\",\"name\":\"AMYNA e.V.\",\"description\":\"Verein zur Abschaffung von sexuellem Missbrauch und sexueller Gewalt\",\"potentialAction\":[{\"@type\":\"SearchAction\",\"target\":{\"@type\":\"EntryPoint\",\"urlTemplate\":\"https:\\\/\\\/amyna.de\\\/wp\\\/?s={search_term_string}\"},\"query-input\":{\"@type\":\"PropertyValueSpecification\",\"valueRequired\":true,\"valueName\":\"search_term_string\"}}],\"inLanguage\":\"de\"},{\"@type\":\"Person\",\"@id\":\"https:\\\/\\\/amyna.de\\\/wp\\\/#\\\/schema\\\/person\\\/2aeccee57824d18bf370ec42efaf0f4f\",\"name\":\"admin\",\"sameAs\":[\"https:\\\/\\\/amyna.de\\\/wp\"],\"url\":\"https:\\\/\\\/amyna.de\\\/wp\\\/author\\\/gs_wp_admin\\\/\"}]}<\/script>\n<!-- \/ Yoast SEO plugin. -->","yoast_head_json":{"title":"Beratung f\u00fcr Einzelpersonen zur Pr\u00e4vention von sexuellem Missbrauch - AMYNA e.V.","robots":{"index":"index","follow":"follow","max-snippet":"max-snippet:-1","max-image-preview":"max-image-preview:large","max-video-preview":"max-video-preview:-1"},"canonical":"https:\/\/amyna.de\/wp\/beratung-fuer-einzelpersonen-zur-praevention-von-sexuellem-missbrauch\/","og_locale":"de_DE","og_type":"article","og_title":"Beratung f\u00fcr Einzelpersonen zur Pr\u00e4vention von sexuellem Missbrauch - AMYNA e.V.","og_description":"Wir beraten Eltern und weitere Bezugspersonen von Kindern und Jugendlichen sowie p\u00e4dagogische Fachkr\u00e4fte rund um Fragen der Pr\u00e4vention von sexuellem Missbrauch. Egal welche Frage oder welches Anliegen Sie haben \u2013 rund um die Pr\u00e4vention von sexuellem Missbrauch \u2013 wir beantworten sie gerne. Melden Sie sich per Telefon oder Mail bei uns. &nbsp; Sie k\u00f6nnen sich [&hellip;]","og_url":"https:\/\/amyna.de\/wp\/beratung-fuer-einzelpersonen-zur-praevention-von-sexuellem-missbrauch\/","og_site_name":"AMYNA e.V.","article_published_time":"2021-07-15T11:34:28+00:00","og_image":[{"width":600,"height":400,"url":"https:\/\/amyna.de\/wp\/wp-content\/uploads\/questions_answers_beratung_mittel.jpg","type":"image\/jpeg"}],"author":"admin","twitter_card":"summary_large_image","twitter_misc":{"Verfasst von":"admin","Gesch\u00e4tzte Lesezeit":"2\u00a0Minuten"},"schema":{"@context":"https:\/\/schema.org","@graph":[{"@type":"Article","@id":"https:\/\/amyna.de\/wp\/beratung-fuer-einzelpersonen-zur-praevention-von-sexuellem-missbrauch\/#article","isPartOf":{"@id":"https:\/\/amyna.de\/wp\/beratung-fuer-einzelpersonen-zur-praevention-von-sexuellem-missbrauch\/"},"author":{"name":"admin","@id":"https:\/\/amyna.de\/wp\/#\/schema\/person\/2aeccee57824d18bf370ec42efaf0f4f"},"headline":"Beratung f\u00fcr Einzelpersonen zur Pr\u00e4vention von sexuellem Missbrauch","datePublished":"2021-07-15T11:34:28+00:00","mainEntityOfPage":{"@id":"https:\/\/amyna.de\/wp\/beratung-fuer-einzelpersonen-zur-praevention-von-sexuellem-missbrauch\/"},"wordCount":339,"image":{"@id":"https:\/\/amyna.de\/wp\/beratung-fuer-einzelpersonen-zur-praevention-von-sexuellem-missbrauch\/#primaryimage"},"thumbnailUrl":"https:\/\/amyna.de\/wp\/wp-content\/uploads\/questions_answers_beratung_mittel.jpg","articleSection":["Beratung"],"inLanguage":"de"},{"@type":"WebPage","@id":"https:\/\/amyna.de\/wp\/beratung-fuer-einzelpersonen-zur-praevention-von-sexuellem-missbrauch\/","url":"https:\/\/amyna.de\/wp\/beratung-fuer-einzelpersonen-zur-praevention-von-sexuellem-missbrauch\/","name":"Beratung f\u00fcr Einzelpersonen zur Pr\u00e4vention von sexuellem Missbrauch - AMYNA e.V.","isPartOf":{"@id":"https:\/\/amyna.de\/wp\/#website"},"primaryImageOfPage":{"@id":"https:\/\/amyna.de\/wp\/beratung-fuer-einzelpersonen-zur-praevention-von-sexuellem-missbrauch\/#primaryimage"},"image":{"@id":"https:\/\/amyna.de\/wp\/beratung-fuer-einzelpersonen-zur-praevention-von-sexuellem-missbrauch\/#primaryimage"},"thumbnailUrl":"https:\/\/amyna.de\/wp\/wp-content\/uploads\/questions_answers_beratung_mittel.jpg","datePublished":"2021-07-15T11:34:28+00:00","author":{"@id":"https:\/\/amyna.de\/wp\/#\/schema\/person\/2aeccee57824d18bf370ec42efaf0f4f"},"breadcrumb":{"@id":"https:\/\/amyna.de\/wp\/beratung-fuer-einzelpersonen-zur-praevention-von-sexuellem-missbrauch\/#breadcrumb"},"inLanguage":"de","potentialAction":[{"@type":"ReadAction","target":["https:\/\/amyna.de\/wp\/beratung-fuer-einzelpersonen-zur-praevention-von-sexuellem-missbrauch\/"]}]},{"@type":"ImageObject","inLanguage":"de","@id":"https:\/\/amyna.de\/wp\/beratung-fuer-einzelpersonen-zur-praevention-von-sexuellem-missbrauch\/#primaryimage","url":"https:\/\/amyna.de\/wp\/wp-content\/uploads\/questions_answers_beratung_mittel.jpg","contentUrl":"https:\/\/amyna.de\/wp\/wp-content\/uploads\/questions_answers_beratung_mittel.jpg","width":600,"height":400},{"@type":"BreadcrumbList","@id":"https:\/\/amyna.de\/wp\/beratung-fuer-einzelpersonen-zur-praevention-von-sexuellem-missbrauch\/#breadcrumb","itemListElement":[{"@type":"ListItem","position":1,"name":"Startseite","item":"https:\/\/amyna.de\/wp\/"},{"@type":"ListItem","position":2,"name":"Beratung f\u00fcr Einzelpersonen zur Pr\u00e4vention von sexuellem Missbrauch"}]},{"@type":"WebSite","@id":"https:\/\/amyna.de\/wp\/#website","url":"https:\/\/amyna.de\/wp\/","name":"AMYNA e.V.","description":"Verein zur Abschaffung von sexuellem Missbrauch und sexueller Gewalt","potentialAction":[{"@type":"SearchAction","target":{"@type":"EntryPoint","urlTemplate":"https:\/\/amyna.de\/wp\/?s={search_term_string}"},"query-input":{"@type":"PropertyValueSpecification","valueRequired":true,"valueName":"search_term_string"}}],"inLanguage":"de"},{"@type":"Person","@id":"https:\/\/amyna.de\/wp\/#\/schema\/person\/2aeccee57824d18bf370ec42efaf0f4f","name":"admin","sameAs":["https:\/\/amyna.de\/wp"],"url":"https:\/\/amyna.de\/wp\/author\/gs_wp_admin\/"}]}},"_links":{"self":[{"href":"https:\/\/amyna.de\/wp\/wp-json\/wp\/v2\/posts\/1807","targetHints":{"allow":["GET"]}}],"collection":[{"href":"https:\/\/amyna.de\/wp\/wp-json\/wp\/v2\/posts"}],"about":[{"href":"https:\/\/amyna.de\/wp\/wp-json\/wp\/v2\/types\/post"}],"author":[{"embeddable":true,"href":"https:\/\/amyna.de\/wp\/wp-json\/wp\/v2\/users\/1"}],"replies":[{"embeddable":true,"href":"https:\/\/amyna.de\/wp\/wp-json\/wp\/v2\/comments?post=1807"}],"version-history":[{"count":0,"href":"https:\/\/amyna.de\/wp\/wp-json\/wp\/v2\/posts\/1807\/revisions"}],"wp:featuredmedia":[{"embeddable":true,"href":"https:\/\/amyna.de\/wp\/wp-json\/wp\/v2\/media\/1868"}],"wp:attachment":[{"href":"https:\/\/amyna.de\/wp\/wp-json\/wp\/v2\/media?parent=1807"}],"wp:term":[{"taxonomy":"category","embeddable":true,"href":"https:\/\/amyna.de\/wp\/wp-json\/wp\/v2\/categories?post=1807"},{"taxonomy":"post_tag","embeddable":true,"href":"https:\/\/amyna.de\/wp\/wp-json\/wp\/v2\/tags?post=1807"}],"curies":[{"name":"wp","href":"https:\/\/api.w.org\/{rel}","templated":true}]}}